{"id":6424,"date":"2025-02-14T11:47:59","date_gmt":"2025-02-14T10:47:59","guid":{"rendered":"https:\/\/kickbelgium.be\/?p=6424"},"modified":"2025-03-19T11:53:11","modified_gmt":"2025-03-19T10:53:11","slug":"amay-abris-pour-la-faune","status":"publish","type":"post","link":"https:\/\/kickbelgium.be\/nl\/nieuws\/gemeente\/amay-abris-pour-la-faune\/","title":{"rendered":"Amay: Meer dan 130 nieuwe schuilplaatsen voor wilde dieren"},"content":{"rendered":"<p>Les oiseaux, les chauves-souris ou encore les \u00e9cureuils jouent un r\u00f4le crucial dans l\u2019\u00e9quilibre de notre environnement. Ces esp\u00e8ces contribuent au contr\u00f4le des insectes nuisibles et \u00e0 la dispersion des graines. Cependant, en raison de la d\u00e9gradation de leur habitat naturel (abattage d\u2019arbres, de haies et urbanisation), ils peinent \u00e0 trouver des refuges pour nicher, hiberner, se prot\u00e9ger ou se reproduire. Installer des nichoirs dans les jardins, parcs ou m\u00eame sur les b\u00e2timents de la commune est un geste simple mais efficace pour leur venir en aide.<\/p>\n\n\n\n<p>C\u2019est dans ce cadre que la Commune d\u2019Amay s\u2019est mobilis\u00e9e pour renforcer le r\u00e9seaux d\u2019habitats existant&nbsp;avec l\u2019installation de :<\/p>\n\n\n\n<ul class=\"wp-block-list\">\n<li>50 nichoirs \u00e0 hirondelles<\/li>\n\n\n\n<li>60 nichoirs \u00e0 martinets<\/li>\n\n\n\n<li>10 nichoirs \u00e0 moineaux<\/li>\n\n\n\n<li>10 abris \u00e0 chauves-souris<\/li>\n\n\n\n<li>2 nichoirs \u00e0 chouettes chev\u00eache<\/li>\n\n\n\n<li>1 nichoir chouette effraie<\/li>\n\n\n\n<li>6 perches \u00e0 rapaces<\/li>\n\n\n\n<li>Un \u00e9curoduc<\/li>\n<\/ul>\n\n\n\n<p>Ces projets ont b\u00e9n\u00e9fici\u00e9 du soutien du groupe PCDN qui a notamment sugg\u00e9rer les emplacements sur base de leur fine connaissance du territoire.<\/p>\n\n\n\n<p>Vous aussi vous pouvez vous mobiliser pour offrir un nid douillet \u00e0 tous ces partenaires qui rendent notre environnement plus agr\u00e9able. Voici quelques conseils pour r\u00e9ussir l\u2019installation de vos abris&nbsp;:<\/p>\n\n\n\n<ul class=\"wp-block-list\">\n<li>Orientation : Orientez le trou d\u2019entr\u00e9e des nichoirs vers l\u2019est ou le sud-est, \u00e0 l\u2019abri des vents dominants et des fortes chaleurs de l\u2019apr\u00e8s-midi.<\/li>\n\n\n\n<li>Entretien : Pensez \u00e0 nettoyer les nichoirs une fois par an, apr\u00e8s la p\u00e9riode de reproduction, pour garantir un espace sain aux futurs occupants.<\/li>\n\n\n\n<li>Respect de la faune : \u00c9vitez de d\u00e9ranger les occupants en pleine nidification ou hibernation. Il est important de pr\u00e9server leur tranquillit\u00e9.<\/li>\n<\/ul>\n\n\n\n<p><a href=\"https:\/\/www.ornithomedia.com\/pratique\/conseils\/differents-types-nichoirs-00172\/?cn-reloaded=1\" target=\"_blank\" rel=\"noopener\">Plus d\u2019infos sur ici<\/a> ou via le service Environnement de la Commune d\u2019Amay.<\/p>\n\n\n\n<p>Si vous observez des passages d\u2019\u00e9cureuils sur la route, communiquez-les au service Environnement avec une photo du lieu.<\/p>\n\n\n\n<p><\/p>\n\n\n\n<figure class=\"wp-block-gallery has-nested-images columns-default is-cropped wp-block-gallery-1 is-layout-flex wp-block-gallery-is-layout-flex\">\n<figure class=\"wp-block-image size-large\"><img loading=\"lazy\" decoding=\"async\" width=\"1024\" height=\"683\" data-id=\"6425\" src=\"https:\/\/kickbelgium.be\/wp-content\/uploads\/2025\/02\/IMG_6123-1024x683.jpg\" alt=\"\" class=\"wp-image-6425\" srcset=\"https:\/\/kickbelgium.be\/wp-content\/uploads\/2025\/02\/IMG_6123-980x653.jpg 980w, https:\/\/kickbelgium.be\/wp-content\/uploads\/2025\/02\/IMG_6123-480x320.jpg 480w\" sizes=\"(min-width: 0px) and (max-width: 480px) 480px, (min-width: 481px) and (max-width: 980px) 980px, (min-width: 981px) 1024px, 100vw\" \/><\/figure>\n\n\n\n<figure class=\"wp-block-image size-large\"><img loading=\"lazy\" decoding=\"async\" width=\"1024\" height=\"683\" data-id=\"6426\" src=\"https:\/\/kickbelgium.be\/wp-content\/uploads\/2025\/02\/IMG_6124-1024x683.jpg\" alt=\"\" class=\"wp-image-6426\" srcset=\"https:\/\/kickbelgium.be\/wp-content\/uploads\/2025\/02\/IMG_6124-980x653.jpg 980w, https:\/\/kickbelgium.be\/wp-content\/uploads\/2025\/02\/IMG_6124-480x320.jpg 480w\" sizes=\"(min-width: 0px) and (max-width: 480px) 480px, (min-width: 481px) and (max-width: 980px) 980px, (min-width: 981px) 1024px, 100vw\" \/><\/figure>\n\n\n\n<figure class=\"wp-block-image size-large\"><img loading=\"lazy\" decoding=\"async\" width=\"1024\" height=\"683\" data-id=\"6427\" src=\"https:\/\/kickbelgium.be\/wp-content\/uploads\/2025\/02\/IMG_6137-1024x683.jpg\" alt=\"\" class=\"wp-image-6427\" srcset=\"https:\/\/kickbelgium.be\/wp-content\/uploads\/2025\/02\/IMG_6137-980x653.jpg 980w, https:\/\/kickbelgium.be\/wp-content\/uploads\/2025\/02\/IMG_6137-480x320.jpg 480w\" sizes=\"(min-width: 0px) and (max-width: 480px) 480px, (min-width: 481px) and (max-width: 980px) 980px, (min-width: 981px) 1024px, 100vw\" \/><\/figure>\n<\/figure>","protected":false},"excerpt":{"rendered":"<p>Les oiseaux, les chauves-souris ou encore les \u00e9cureuils jouent un r\u00f4le crucial dans l\u2019\u00e9quilibre de notre environnement. Ces esp\u00e8ces contribuent au contr\u00f4le des insectes nuisibles et \u00e0 la dispersion des graines. Cependant, en raison de la d\u00e9gradation de leur habitat naturel (abattage d\u2019arbres, de haies et urbanisation), ils peinent \u00e0 trouver des refuges pour nicher, [&hellip;]<\/p>\n","protected":false},"author":5,"featured_media":6426,"comment_status":"open","ping_status":"open","sticky":false,"template":"","format":"standard","meta":{"_acf_changed":false,"_et_pb_use_builder":"","_et_pb_old_content":"","_et_gb_content_width":"","footnotes":""},"categories":[25,27],"tags":[],"class_list":["post-6424","post","type-post","status-publish","format-standard","has-post-thumbnail","hentry","category-commune","category-amay"],"acf":[],"_links":{"self":[{"href":"https:\/\/kickbelgium.be\/nl\/wp-json\/wp\/v2\/posts\/6424","targetHints":{"allow":["GET"]}}],"collection":[{"href":"https:\/\/kickbelgium.be\/nl\/wp-json\/wp\/v2\/posts"}],"about":[{"href":"https:\/\/kickbelgium.be\/nl\/wp-json\/wp\/v2\/types\/post"}],"author":[{"embeddable":true,"href":"https:\/\/kickbelgium.be\/nl\/wp-json\/wp\/v2\/users\/5"}],"replies":[{"embeddable":true,"href":"https:\/\/kickbelgium.be\/nl\/wp-json\/wp\/v2\/comments?post=6424"}],"version-history":[{"count":5,"href":"https:\/\/kickbelgium.be\/nl\/wp-json\/wp\/v2\/posts\/6424\/revisions"}],"predecessor-version":[{"id":6621,"href":"https:\/\/kickbelgium.be\/nl\/wp-json\/wp\/v2\/posts\/6424\/revisions\/6621"}],"wp:featuredmedia":[{"embeddable":true,"href":"https:\/\/kickbelgium.be\/nl\/wp-json\/wp\/v2\/media\/6426"}],"wp:attachment":[{"href":"https:\/\/kickbelgium.be\/nl\/wp-json\/wp\/v2\/media?parent=6424"}],"wp:term":[{"taxonomy":"category","embeddable":true,"href":"https:\/\/kickbelgium.be\/nl\/wp-json\/wp\/v2\/categories?post=6424"},{"taxonomy":"post_tag","embeddable":true,"href":"https:\/\/kickbelgium.be\/nl\/wp-json\/wp\/v2\/tags?post=6424"}],"curies":[{"name":"wp","href":"https:\/\/api.w.org\/{rel}","templated":true}]}}