{"id":5485,"date":"2024-01-05T11:33:01","date_gmt":"2024-01-05T10:33:01","guid":{"rendered":"https:\/\/kickbelgium.be\/?p=5485"},"modified":"2025-02-18T11:53:08","modified_gmt":"2025-02-18T10:53:08","slug":"amay-amenagement-verten-urbains","status":"publish","type":"post","link":"https:\/\/kickbelgium.be\/nl\/nieuws\/gemeente\/amay\/amay-amenagement-verten-urbains\/","title":{"rendered":"Amay: ontwikkeling van stedelijk groen"},"content":{"rendered":"<p>De groene ruimten in onze steden en dorpen spelen een essenti\u00eble rol als toevluchtsoorden voor de biodiversiteit en ecologische corridors. Als ze goed ontworpen zijn, zijn er veel bijkomende voordelen voor ons mensen:<\/p>\n\n\n\n<ul class=\"wp-block-list\">\n<li>Koele eilanden in het geval van een hittegolf<\/li>\n\n\n\n<li>Temporisering en infiltratie van afvloeiend water<\/li>\n\n\n\n<li>Koolstofput<\/li>\n\n\n\n<li>Plaatsen om te ontspannen<\/li>\n\n\n\n<li>...<\/li>\n<\/ul>\n\n\n\n<p>De gemeente Amay wil de onbebouwde stedelijke gebieden zodanig ontwikkelen dat zoveel mogelijk van deze doelstellingen worden verwezenlijkt.<\/p>\n\n\n\n<p>Er is iets nieuws! Er is een dienstverlener geselecteerd om de gemeente te helpen bij het ontwerpen van deze verbeteringen en bij de uitvoering van de werkzaamheden op 3 locaties in de gemeente:<\/p>\n\n\n\n<ul class=\"wp-block-list\">\n<li>Graf van Joseph Ramoux<\/li>\n\n\n\n<li>Rue Roua, tegenover nr. 65<\/li>\n\n\n\n<li>Gemeenschapsstraat<\/li>\n<\/ul>\n\n\n\n<p>Dit wordt het eerste proefproject. Het doel is om de goede praktijken in zoveel mogelijk stedelijke gebieden in Amay te kopi\u00ebren!<\/p>\n\n\n\n<p><\/p>\n\n\n\n<figure class=\"wp-block-gallery has-nested-images columns-default is-cropped wp-block-gallery-1 is-layout-flex wp-block-gallery-is-layout-flex\">\n<figure class=\"wp-block-image size-large\"><img loading=\"lazy\" decoding=\"async\" width=\"1024\" height=\"635\" data-id=\"6422\" src=\"https:\/\/kickbelgium.be\/wp-content\/uploads\/2024\/01\/Joseph-Ramoux-1024x635.png\" alt=\"\" class=\"wp-image-6422\" srcset=\"https:\/\/kickbelgium.be\/wp-content\/uploads\/2024\/01\/Joseph-Ramoux-980x607.png 980w, https:\/\/kickbelgium.be\/wp-content\/uploads\/2024\/01\/Joseph-Ramoux-480x297.png 480w\" sizes=\"(min-width: 0px) and (max-width: 480px) 480px, (min-width: 481px) and (max-width: 980px) 980px, (min-width: 981px) 1024px, 100vw\" \/><\/figure>\n\n\n\n<figure class=\"wp-block-image size-large\"><img loading=\"lazy\" decoding=\"async\" width=\"1024\" height=\"758\" data-id=\"6421\" src=\"https:\/\/kickbelgium.be\/wp-content\/uploads\/2024\/01\/Rue-les-Communes-2-1024x758.png\" alt=\"\" class=\"wp-image-6421\" srcset=\"https:\/\/kickbelgium.be\/wp-content\/uploads\/2024\/01\/Rue-les-Communes-2-1024x758.png 1024w, https:\/\/kickbelgium.be\/wp-content\/uploads\/2024\/01\/Rue-les-Communes-2-980x725.png 980w, https:\/\/kickbelgium.be\/wp-content\/uploads\/2024\/01\/Rue-les-Communes-2-480x355.png 480w\" sizes=\"(min-width: 0px) and (max-width: 480px) 480px, (min-width: 481px) and (max-width: 980px) 980px, (min-width: 981px) 1024px, 100vw\" \/><\/figure>\n\n\n\n<figure class=\"wp-block-image size-large\"><img loading=\"lazy\" decoding=\"async\" width=\"740\" height=\"798\" data-id=\"6420\" src=\"https:\/\/kickbelgium.be\/wp-content\/uploads\/2024\/01\/Rue-les-communes.png\" alt=\"\" class=\"wp-image-6420\" srcset=\"https:\/\/kickbelgium.be\/wp-content\/uploads\/2024\/01\/Rue-les-communes.png 740w, https:\/\/kickbelgium.be\/wp-content\/uploads\/2024\/01\/Rue-les-communes-480x518.png 480w\" sizes=\"(min-width: 0px) and (max-width: 480px) 480px, (min-width: 481px) 740px, 100vw\" \/><\/figure>\n<\/figure>","protected":false},"excerpt":{"rendered":"<p>Les espaces verts de nos villes et villages jouent un r\u00f4le essentiel de refuge pour la biodiversit\u00e9 et de corridors \u00e9cologiques. Lorsqu\u2019ils sont bien con\u00e7us, les co-b\u00e9n\u00e9fices pour nous humains sont tr\u00e8s nombreux : La commune d\u2019Amay veut am\u00e9nager les surfaces urbaines non-artificialis\u00e9es de mani\u00e8re \u00e0 r\u00e9pondre \u00e0 un maximum de ces objectifs. Il y [&hellip;]<\/p>\n","protected":false},"author":5,"featured_media":6422,"comment_status":"open","ping_status":"open","sticky":false,"template":"","format":"standard","meta":{"_acf_changed":false,"_et_pb_use_builder":"","_et_pb_old_content":"","_et_gb_content_width":"","footnotes":""},"categories":[27],"tags":[],"class_list":["post-5485","post","type-post","status-publish","format-standard","has-post-thumbnail","hentry","category-amay"],"acf":[],"_links":{"self":[{"href":"https:\/\/kickbelgium.be\/nl\/wp-json\/wp\/v2\/posts\/5485","targetHints":{"allow":["GET"]}}],"collection":[{"href":"https:\/\/kickbelgium.be\/nl\/wp-json\/wp\/v2\/posts"}],"about":[{"href":"https:\/\/kickbelgium.be\/nl\/wp-json\/wp\/v2\/types\/post"}],"author":[{"embeddable":true,"href":"https:\/\/kickbelgium.be\/nl\/wp-json\/wp\/v2\/users\/5"}],"replies":[{"embeddable":true,"href":"https:\/\/kickbelgium.be\/nl\/wp-json\/wp\/v2\/comments?post=5485"}],"version-history":[{"count":3,"href":"https:\/\/kickbelgium.be\/nl\/wp-json\/wp\/v2\/posts\/5485\/revisions"}],"predecessor-version":[{"id":6423,"href":"https:\/\/kickbelgium.be\/nl\/wp-json\/wp\/v2\/posts\/5485\/revisions\/6423"}],"wp:featuredmedia":[{"embeddable":true,"href":"https:\/\/kickbelgium.be\/nl\/wp-json\/wp\/v2\/media\/6422"}],"wp:attachment":[{"href":"https:\/\/kickbelgium.be\/nl\/wp-json\/wp\/v2\/media?parent=5485"}],"wp:term":[{"taxonomy":"category","embeddable":true,"href":"https:\/\/kickbelgium.be\/nl\/wp-json\/wp\/v2\/categories?post=5485"},{"taxonomy":"post_tag","embeddable":true,"href":"https:\/\/kickbelgium.be\/nl\/wp-json\/wp\/v2\/tags?post=5485"}],"curies":[{"name":"wp","href":"https:\/\/api.w.org\/{rel}","templated":true}]}}