{"id":5433,"date":"2023-11-09T00:24:49","date_gmt":"2023-11-08T23:24:49","guid":{"rendered":"https:\/\/kickbelgium.be\/?p=5433"},"modified":"2023-11-09T14:17:17","modified_gmt":"2023-11-09T13:17:17","slug":"grez-doiceau-appel-a-ressources-pour-des-actions-concretes","status":"publish","type":"post","link":"https:\/\/kickbelgium.be\/nl\/nieuws\/allie\/verenigingen\/grez-doiceau-appel-a-ressources-pour-des-actions-concretes\/","title":{"rendered":"Grez-Doiceau: oproep tot middelen voor concrete acties"},"content":{"rendered":"<p>\ud83c\udfacCarl fait un appel aux volontaires pour imaginer la 5\u00e8me balade gr\u00e9zienne \u00e0 la rencontre des agriculteurs\u2026 dans le prolongement de la belle initiative du Grez des 4 Saisons. Consultez l&rsquo;aper\u00e7u <a href=\"https:\/\/www.youtube.com\/watch?v=OenScDb1TcI\" target=\"_blank\" rel=\"noopener\">hier<\/a>. <\/p>\n\n\n\n<p>\ud83c\udfac Camille de l\u2019entreprise Zuco souhaite que l\u2019on \u00e9tablisse une co-responsabilit\u00e9 sur la qualit\u00e9 de l\u2019eau. Que chaque propri\u00e9taire sur le trac\u00e9 d\u2019une rivi\u00e8re devienne un levier d\u2019am\u00e9lioration de cette qualit\u00e9 par la mise en place de syst\u00e8mes de filtration naturelle de l\u2019eau. <a href=\"mailto:vdp@kickbelgium.be\" data-type=\"mailto\" data-id=\"mailto:vdp@kickbelgium.be\">Neem contact op<\/a> si vous avez un \u00e9tang, ou vivez au bord \u2018un cours d\u2019eau, vous pourriez faire la diff\u00e9rence.<\/p>\n\n\n\n<p>\ud83c\udfac Olivier propose que les voisins proche de surfaces cultiv\u00e9es en conventionnel s&rsquo;associent \u00e0 leur voisin agriculteur dans les d\u00e9fis et avantages de la transition vers l&rsquo;agriculture de conservation. Faites-vous partie de ces voisins bienveillants ?<\/p>\n\n\n\n<p>\ud83c\udfac Anne-Catherine souhaite ouvrir un tiers-lieu \u00e0 Grez-Doiceau, un lieu qui permet de se r\u00e9unir pour \u00e9changer, pour cr\u00e9er du lien, pour partager ses projets. Elle cherche d\u2019autres gr\u00e9ziens qui partagent cette envie et souhaitez la rejoindre dans cette aventure qui commencera par la recherche d\u2019un lieu<\/p>\n\n\n\n<p>\ud83c\udfac Henri et ses voisins pensent qu&rsquo;il pourraient partager l&rsquo;utilisation d&rsquo;une seule voiture mais cherchent \u00e0 trouver un cadre pour cette nouvelle mani\u00e8re d&rsquo;envisager la propri\u00e9t\u00e9. Vous avez d\u00e9j\u00e0 vu quelque chose de similaire ou souhaiter en faire de m\u00eame. Nous pouvons cr\u00e9er le lien entre vous.<\/p>\n\n\n\n<p>\ud83c\udfac Mich\u00e8le se fait la porte-parole de deux gr\u00e9ziens qui souhaitent que l\u2019humusation (le retour de nos corps \u00e0 la nature apr\u00e8s la mort) soit permise et que Grez puisse \u00eatre une commune pionni\u00e8re en la mati\u00e8re. N\u2019h\u00e9sitez pas \u00e0 nous faire signe si vous \u00eates int\u00e9ress\u00e9s par le sujet et on vous met en contact.<\/p>\n\n\n\n<p>\ud83c\udfac Patricia souhaite entrer en collaboration avec les \u00e9coles de Nethen et P\u00e9crot pour r\u00e9veiller les sens des enfants au c\u0153ur des for\u00eats. Avis aux enseignants int\u00e9ress\u00e9s.<\/p>\n\n\n\n<p>\ud83c\udfac La Commune soutien l&rsquo;organisation de journ\u00e9es de nettoyage de rivi\u00e8res, pilot\u00e9es par Aer Aqua Terra, une ASBL de la commune. Partants pour un team building ou volontaires d&rsquo;un jour, on fait le relais.<\/p>\n\n\n\n<p>\ud83c\udfac Marianne propose que les associations unissent leurs id\u00e9es pour que la journ\u00e9e mondiale du climat (le 8 d\u00e9cembre) soit la plus mobilisatrice possible sur le territoire. Quelles initiatives pouvez-vous proposer pour renforcer l\u2019impact de cette journ\u00e9e&nbsp;?<\/p>\n\n\n\n<p>\ud83c\udfac Jean-Marc propose de vous donner rendez-vous autour de films et documentaires autour de la transition \u00e9cologique. Avez-vous des suggestions pour le programme Cine-Green?<\/p>\n\n\n\n<p>\ud83c\udfac Denis souhaite impliquer Terres en Vue dans une d\u00e9marche de r\u00e9-ensauvagement de certaines parcelles \u00e0 Grez-Doiceau. Faites-nous signe si ceci vous inspire ou si vous connaissez la parcelle id\u00e9ale pour ce projet.<\/p>\n\n\n\n<p>\ud83c\udfac Denis imagine aussi la cr\u00e9ation de comit\u00e9s de quartier dans les villages de la commune, pour que les citoyens puissent proposer voire prendre certaines d\u00e9cisions quant \u00e0 leur environnement direct. Et vous, qu&rsquo;en pensez-vous?<\/p>\n\n\n\n<p>\ud83c\udfacMaximilien aime l\u2019id\u00e9e de mettre des nichoirs, mais sans insectes en suffisance, oiseaux et chauves-souris ne pourront pas s\u2019y installer durablement. Quelles sont vos id\u00e9es pour qu\u2019on ait \u00e0 nouveau un jour des insectes sur nos pare-brises ou visi\u00e8res\u00a0?<\/p>\n\n\n\n<p><\/p>\n\n\n\n<blockquote class=\"wp-block-quote is-layout-flow wp-block-quote-is-layout-flow\">\n<p><strong>Que vous souhaitiez ou puissiez aider Mich\u00e8le, Denis, Olivia, Maximilien, Henri, Marianne, la Commune et les autres, il n&rsquo;y a qu&rsquo;une chose \u00e0 faire : <a href=\"mailto:vdp@kickbelgium.be\">nous le dire<\/a> et nous ferons le lien !<\/strong><\/p>\n<\/blockquote>","protected":false},"excerpt":{"rendered":"<p>\ud83c\udfacCarl fait un appel aux volontaires pour imaginer la 5\u00e8me balade gr\u00e9zienne \u00e0 la rencontre des agriculteurs\u2026 dans le prolongement de la belle initiative du Grez des 4 Saisons. Consultez l&rsquo;aper\u00e7u ici. \ud83c\udfac Camille de l\u2019entreprise Zuco souhaite que l\u2019on \u00e9tablisse une co-responsabilit\u00e9 sur la qualit\u00e9 de l\u2019eau. Que chaque propri\u00e9taire sur le trac\u00e9 d\u2019une [&hellip;]<\/p>\n","protected":false},"author":11,"featured_media":5396,"comment_status":"open","ping_status":"open","sticky":false,"template":"","format":"standard","meta":{"_acf_changed":false,"_et_pb_use_builder":"","_et_pb_old_content":"","_et_gb_content_width":"","footnotes":""},"categories":[37,34,33,36,35,28,24],"tags":[],"class_list":["post-5433","post","type-post","status-publish","format-standard","has-post-thumbnail","hentry","category-associations","category-acteurs-publics","category-citoyens","category-ecoles","category-entreprises","category-grez-doiceau","category-news"],"acf":[],"_links":{"self":[{"href":"https:\/\/kickbelgium.be\/nl\/wp-json\/wp\/v2\/posts\/5433","targetHints":{"allow":["GET"]}}],"collection":[{"href":"https:\/\/kickbelgium.be\/nl\/wp-json\/wp\/v2\/posts"}],"about":[{"href":"https:\/\/kickbelgium.be\/nl\/wp-json\/wp\/v2\/types\/post"}],"author":[{"embeddable":true,"href":"https:\/\/kickbelgium.be\/nl\/wp-json\/wp\/v2\/users\/11"}],"replies":[{"embeddable":true,"href":"https:\/\/kickbelgium.be\/nl\/wp-json\/wp\/v2\/comments?post=5433"}],"version-history":[{"count":8,"href":"https:\/\/kickbelgium.be\/nl\/wp-json\/wp\/v2\/posts\/5433\/revisions"}],"predecessor-version":[{"id":5451,"href":"https:\/\/kickbelgium.be\/nl\/wp-json\/wp\/v2\/posts\/5433\/revisions\/5451"}],"wp:featuredmedia":[{"embeddable":true,"href":"https:\/\/kickbelgium.be\/nl\/wp-json\/wp\/v2\/media\/5396"}],"wp:attachment":[{"href":"https:\/\/kickbelgium.be\/nl\/wp-json\/wp\/v2\/media?parent=5433"}],"wp:term":[{"taxonomy":"category","embeddable":true,"href":"https:\/\/kickbelgium.be\/nl\/wp-json\/wp\/v2\/categories?post=5433"},{"taxonomy":"post_tag","embeddable":true,"href":"https:\/\/kickbelgium.be\/nl\/wp-json\/wp\/v2\/tags?post=5433"}],"curies":[{"name":"wp","href":"https:\/\/api.w.org\/{rel}","templated":true}]}}