{"id":5425,"date":"2023-11-08T22:42:39","date_gmt":"2023-11-08T21:42:39","guid":{"rendered":"https:\/\/kickbelgium.be\/?p=5425"},"modified":"2023-11-09T14:26:52","modified_gmt":"2023-11-09T13:26:52","slug":"grez-doiceau-een-moment-kick-en-een-ontmoeting-met-olivier-hamant-om-de-robuustheid-van-de-regio-en-haar-biodiversiteit-te-versterken","status":"publish","type":"post","link":"https:\/\/kickbelgium.be\/nl\/nieuws\/allie\/burgers\/grez-doiceau-een-moment-kick-en-een-ontmoeting-met-olivier-hamant-om-de-robuustheid-van-de-regio-en-haar-biodiversiteit-te-versterken\/","title":{"rendered":"Grez-Doiceau: een Kick-moment en een ontmoeting met Olivier Hamant om de robuustheid van de regio en haar biodiversiteit te versterken!"},"content":{"rendered":"<p>Op dinsdag 31 oktober waren er geweldige ontmoetingen op de Clownschool.<\/p>\n\n\n\n<p>Pierre Portevin ontmoette Olivier Hamant om ons te helpen bij de overgang <em>van de race om prestaties naar de zoektocht naar robuustheid<\/em>. 167 mensen online en ongeveer dertig Gr\u00e9ziens in het publiek genoten van een uitwisseling met een fascinerende bioloog. Om nog maar te zwijgen van Pierre's behendigheid in het verbinden van de discussie met de problemen van een lokale overheid en biodiversiteit. Hier is de link naar <a href=\"https:\/\/www.youtube.com\/watch?v=kWlQGD5IxAM\" target=\"_blank\" rel=\"noopener\">bekijk deze bijeenkomst<\/a>. Aarzel geen seconde!<\/p>\n\n\n\n<p>Onder leiding van Jean-Paul Minet en Pierre bespraken betrokken burgers en gemeenteraadsleden, waaronder uw burgemeester, zowel het thema robuustheid binnen de gemeente als de uitdagingen van biodiversiteit.<\/p>\n\n\n\n<p>De deelnemers deelden vervolgens projecten en idee\u00ebn en gingen aan de slag om ze de beste kans op succes te geven: hun auto's bundelen, de waterkwaliteit behouden en herstellen als collectief project, vrijwilligerswerk doen om de 5<sup>th<\/sup> Grez-Doiceau bruist van de idee\u00ebn voor de toekomst: een wandeling maken om boeren te ontmoeten, bepaalde gebieden herbebossen, initiatieven op Wereldklimaatdag (8 december) vermenigvuldigen, kinderen warm maken voor het bos... Grez-Doiceau is in beweging.<\/p>\n\n\n\n<p>Dank aan Pierre en Jean-Paul, dank aan de Ecole de Clown voor het beschikbaar stellen van zo'n warme locatie, en dank aan iedereen die zijn energie heeft bijgedragen aan dit prachtige moment van gezelligheid.<\/p>","protected":false},"excerpt":{"rendered":"<p>Mardi 31 octobre, \u00e0 l\u2019Ecole de Clown, il y a eu de belles rencontres. Pierre Portevin rencontrait Olivier Hamant pour nous aider \u00e0 envisager le passage de la course \u00e0 la performance \u00e0 la qu\u00eate de robustesse. 167 personnes en ligne et une trentaine de gr\u00e9ziens dans la salle ont assist\u00e9 \u00e0 un \u00e9change avec [&hellip;]<\/p>\n","protected":false},"author":11,"featured_media":5426,"comment_status":"open","ping_status":"open","sticky":false,"template":"","format":"standard","meta":{"_acf_changed":false,"_et_pb_use_builder":"","_et_pb_old_content":"","_et_gb_content_width":"","footnotes":""},"categories":[33,34,37,36,35,28,24],"tags":[52,50,48,51,54,49],"class_list":["post-5425","post","type-post","status-publish","format-standard","has-post-thumbnail","hentry","category-citoyens","category-acteurs-publics","category-associations","category-ecoles","category-entreprises","category-grez-doiceau","category-news","tag-acteurs-publics","tag-associations","tag-citoyens","tag-ecoles","tag-entreprises","tag-news"],"acf":[],"_links":{"self":[{"href":"https:\/\/kickbelgium.be\/nl\/wp-json\/wp\/v2\/posts\/5425","targetHints":{"allow":["GET"]}}],"collection":[{"href":"https:\/\/kickbelgium.be\/nl\/wp-json\/wp\/v2\/posts"}],"about":[{"href":"https:\/\/kickbelgium.be\/nl\/wp-json\/wp\/v2\/types\/post"}],"author":[{"embeddable":true,"href":"https:\/\/kickbelgium.be\/nl\/wp-json\/wp\/v2\/users\/11"}],"replies":[{"embeddable":true,"href":"https:\/\/kickbelgium.be\/nl\/wp-json\/wp\/v2\/comments?post=5425"}],"version-history":[{"count":3,"href":"https:\/\/kickbelgium.be\/nl\/wp-json\/wp\/v2\/posts\/5425\/revisions"}],"predecessor-version":[{"id":5454,"href":"https:\/\/kickbelgium.be\/nl\/wp-json\/wp\/v2\/posts\/5425\/revisions\/5454"}],"wp:featuredmedia":[{"embeddable":true,"href":"https:\/\/kickbelgium.be\/nl\/wp-json\/wp\/v2\/media\/5426"}],"wp:attachment":[{"href":"https:\/\/kickbelgium.be\/nl\/wp-json\/wp\/v2\/media?parent=5425"}],"wp:term":[{"taxonomy":"category","embeddable":true,"href":"https:\/\/kickbelgium.be\/nl\/wp-json\/wp\/v2\/categories?post=5425"},{"taxonomy":"post_tag","embeddable":true,"href":"https:\/\/kickbelgium.be\/nl\/wp-json\/wp\/v2\/tags?post=5425"}],"curies":[{"name":"wp","href":"https:\/\/api.w.org\/{rel}","templated":true}]}}