{"id":5098,"date":"2024-12-14T11:13:58","date_gmt":"2024-12-14T10:13:58","guid":{"rendered":"https:\/\/kickbelgium.be\/?p=5098"},"modified":"2025-03-26T14:30:38","modified_gmt":"2025-03-26T13:30:38","slug":"et-de-42","status":"publish","type":"post","link":"https:\/\/kickbelgium.be\/nl\/nieuws\/et-de-42\/","title":{"rendered":"Rochefort: En 73 vijvers!"},"content":{"rendered":"<h2 class=\"wp-block-heading\">73 mares pour Rochefort !<\/h2>\n\n\n\n<p>Les subsides et les permis ont \u00e9t\u00e9 accord\u00e9s pour cr\u00e9er 73 mares \u00e0 Rochefort. La plupart ont d\u00e9j\u00e0 \u00e9t\u00e9 creus\u00e9es, le reste suivra \u00e0 l&rsquo;automne, d\u00e8s que les conditions seront favorables.<\/p>\n\n\n\n<h2 class=\"wp-block-heading\">En route pour 100 mares !<\/h2>\n\n\n\n<p>Et ce n\u2019est pas tout\u00a0! 24 mares suppl\u00e9mentaires sont en tr\u00e8s bonne voie. C\u2019est donc un r\u00e9seau de pr\u00e8s de 100 mares qui devrait \u00eatre prochainement constitu\u00e9 sur le territoire. L\u2019ambition est l\u00e0\u00a0: gr\u00e2ce au partenariat entre la Ville de Rochefort, Natagora, Kick et de nombreux agriculteurs et agricultrices, la commune sera l\u2019une des championnes (et peut-\u00eatre LA championne) des mares subventionn\u00e9es par la R\u00e9gion Wallonne\u00a0sur 2023 &#8211; 2024.<\/p>\n\n\n\n<h2 class=\"wp-block-heading\">Pourquoi creuser des mares ? <\/h2>\n\n\n\n<p>Les mares sont des habitats indispensables pour de nombreuses esp\u00e8ces de batraciens, d\u2019insectes et de v\u00e9g\u00e9taux. Or, ces zones ont tr\u00e8s largement disparu des paysages pour laisser place \u00e0 des espaces urbanis\u00e9s ou cultiv\u00e9s. Restaurer ces habitats, c\u2019est donc rendre sa place aux vivants. Les plus de 30 sites concern\u00e9s par les creusements de mares viendront renforcer les couloirs \u00e9cologiques \u2013 la trame bleue. De nombreuses esp\u00e8ces aquatiques dont certaines tr\u00e8s rares sont encore observ\u00e9es \u00e0 Rochefort pourront \u00e0 nouveau prosp\u00e9rer dans la r\u00e9gion.<\/p>\n\n\n\n<p>Par ailleurs, cette mesure b\u00e9n\u00e9ficie \u00e9galement directement aux habitants de la commune. Certains des plans d\u2019eau cr\u00e9\u00e9s joueront un effet tampon en cas de fortes pr\u00e9cipitations et faciliteront l\u2019infiltration de l\u2019eau dans les nappes phr\u00e9atiques. Les mares contribueront ainsi \u00e0 att\u00e9nuer les effets des \u00e9pisodes de s\u00e8cheresse et des inondations qui sont bien trop r\u00e9currents.<\/p>\n\n\n\n<p>Enfin, les agriculteurs et agricultrices qui adh\u00e8rent \u00e0 la d\u00e9marche peuvent solliciter des primes cons\u00e9quentes pour les soutenir dans leurs pratiques respectueuses des milieux naturels sauvages. La possibilit\u00e9 d\u2019abreuver le b\u00e9tail offre \u00e9galement un avantage bienvenu en p\u00e9riode de canicule.<\/p>\n\n\n\n<p>Ce projet contribue donc \u00e0 prendre soin de tous les vivants du territoire et peut, par son ambition, rendre les Rochefortoises et Rochefortois fiers&nbsp;d\u2019habiter une commune en passe de devenir exemplaire en terme du nombre de mares creus\u00e9es sur son territoire !<\/p>\n\n\n\n<p> <\/p>\n\n\n\n<figure class=\"wp-block-gallery has-nested-images columns-default is-cropped wp-block-gallery-1 is-layout-flex wp-block-gallery-is-layout-flex\"><\/figure>\n\n\n\n<figure class=\"wp-block-gallery has-nested-images columns-default is-cropped wp-block-gallery-2 is-layout-flex wp-block-gallery-is-layout-flex\">\n<figure class=\"wp-block-image size-large\"><img loading=\"lazy\" decoding=\"async\" width=\"1024\" height=\"576\" data-id=\"6224\" src=\"https:\/\/kickbelgium.be\/wp-content\/uploads\/2023\/07\/rochefort_bernardetpatrick-0376-1024x576.jpg\" alt=\"\" class=\"wp-image-6224\" srcset=\"https:\/\/kickbelgium.be\/wp-content\/uploads\/2023\/07\/rochefort_bernardetpatrick-0376-980x551.jpg 980w, https:\/\/kickbelgium.be\/wp-content\/uploads\/2023\/07\/rochefort_bernardetpatrick-0376-480x270.jpg 480w\" sizes=\"(min-width: 0px) and (max-width: 480px) 480px, (min-width: 481px) and (max-width: 980px) 980px, (min-width: 981px) 1024px, 100vw\" \/><\/figure>\n\n\n\n<figure class=\"wp-block-image size-large\"><img loading=\"lazy\" decoding=\"async\" width=\"1024\" height=\"768\" data-id=\"6228\" src=\"https:\/\/kickbelgium.be\/wp-content\/uploads\/2023\/07\/KickRochefort_Ave-et-Auffe_20221125-1024x768.jpg\" alt=\"\" class=\"wp-image-6228\" srcset=\"https:\/\/kickbelgium.be\/wp-content\/uploads\/2023\/07\/KickRochefort_Ave-et-Auffe_20221125-980x735.jpg 980w, https:\/\/kickbelgium.be\/wp-content\/uploads\/2023\/07\/KickRochefort_Ave-et-Auffe_20221125-480x360.jpg 480w\" sizes=\"(min-width: 0px) and (max-width: 480px) 480px, (min-width: 481px) and (max-width: 980px) 980px, (min-width: 981px) 1024px, 100vw\" \/><figcaption class=\"wp-element-caption\">OLYMPUS DIGITAL CAMERA<\/figcaption><\/figure>\n\n\n\n<figure class=\"wp-block-image size-large\"><img loading=\"lazy\" decoding=\"async\" width=\"683\" height=\"1024\" data-id=\"6225\" src=\"https:\/\/kickbelgium.be\/wp-content\/uploads\/2023\/07\/rochefort_bernardetpatrick-6970-683x1024.jpg\" alt=\"\" class=\"wp-image-6225\"\/><\/figure>\n<\/figure>","protected":false},"excerpt":{"rendered":"<p>73 mares pour Rochefort ! Les subsides et les permis ont \u00e9t\u00e9 accord\u00e9s pour cr\u00e9er 73 mares \u00e0 Rochefort. La plupart ont d\u00e9j\u00e0 \u00e9t\u00e9 creus\u00e9es, le reste suivra \u00e0 l&rsquo;automne, d\u00e8s que les conditions seront favorables. En route pour 100 mares ! Et ce n\u2019est pas tout\u00a0! 24 mares suppl\u00e9mentaires sont en tr\u00e8s bonne voie. [&hellip;]<\/p>\n","protected":false},"author":5,"featured_media":6227,"comment_status":"closed","ping_status":"open","sticky":false,"template":"","format":"standard","meta":{"_acf_changed":false,"_et_pb_use_builder":"","_et_pb_old_content":"","_et_gb_content_width":"","footnotes":""},"categories":[24,25,26],"tags":[],"class_list":["post-5098","post","type-post","status-publish","format-standard","has-post-thumbnail","hentry","category-news","category-commune","category-rochefort"],"acf":[],"_links":{"self":[{"href":"https:\/\/kickbelgium.be\/nl\/wp-json\/wp\/v2\/posts\/5098","targetHints":{"allow":["GET"]}}],"collection":[{"href":"https:\/\/kickbelgium.be\/nl\/wp-json\/wp\/v2\/posts"}],"about":[{"href":"https:\/\/kickbelgium.be\/nl\/wp-json\/wp\/v2\/types\/post"}],"author":[{"embeddable":true,"href":"https:\/\/kickbelgium.be\/nl\/wp-json\/wp\/v2\/users\/5"}],"replies":[{"embeddable":true,"href":"https:\/\/kickbelgium.be\/nl\/wp-json\/wp\/v2\/comments?post=5098"}],"version-history":[{"count":8,"href":"https:\/\/kickbelgium.be\/nl\/wp-json\/wp\/v2\/posts\/5098\/revisions"}],"predecessor-version":[{"id":6635,"href":"https:\/\/kickbelgium.be\/nl\/wp-json\/wp\/v2\/posts\/5098\/revisions\/6635"}],"wp:featuredmedia":[{"embeddable":true,"href":"https:\/\/kickbelgium.be\/nl\/wp-json\/wp\/v2\/media\/6227"}],"wp:attachment":[{"href":"https:\/\/kickbelgium.be\/nl\/wp-json\/wp\/v2\/media?parent=5098"}],"wp:term":[{"taxonomy":"category","embeddable":true,"href":"https:\/\/kickbelgium.be\/nl\/wp-json\/wp\/v2\/categories?post=5098"},{"taxonomy":"post_tag","embeddable":true,"href":"https:\/\/kickbelgium.be\/nl\/wp-json\/wp\/v2\/tags?post=5098"}],"curies":[{"name":"wp","href":"https:\/\/api.w.org\/{rel}","templated":true}]}}