{"id":5075,"date":"2023-07-04T17:31:15","date_gmt":"2023-07-04T15:31:15","guid":{"rendered":"https:\/\/kickbelgium.be\/?p=5075"},"modified":"2023-10-02T11:56:03","modified_gmt":"2023-10-02T09:56:03","slug":"grez-doiceau-des-videos-pour-mettre-en-valeur-vos-actions","status":"publish","type":"post","link":"https:\/\/kickbelgium.be\/nl\/nieuws\/grez-doiceau-des-videos-pour-mettre-en-valeur-vos-actions\/","title":{"rendered":"Grez-Doiceau: video's om je acties te laten zien!"},"content":{"rendered":"<h2 class=\"wp-block-heading\">Inspirer d\u2019autres acteurs et actrices<\/h2>\n\n\n\n<p>Kick rassemble des solutions concr\u00e8tes en faveur de la biodiversit\u00e9 et surtout les partage !<\/p>\n\n\n\n<p>Vous \u00eates une entreprise, un.e citoyen.e, une association, une \u00e9cole, un agriculteur, un acteur public et vous mettez d\u00e9j\u00e0 en place des actions en faveur de la biodiversit\u00e9 \u00e0 Grez-Doiceau ?<\/p>\n\n\n\n<p>Nous aimerions vous rencontrer pour r\u00e9aliser une vid\u00e9o inspirante pour d\u2019autres acteurs et actrices !<\/p>\n\n\n\n<p><strong>Comment l\u2019interview se passera-t-elle ?<\/strong><\/p>\n\n\n\n<p>L\u2019entretien durera une heure pendant laquelle Kick vous posera des questions sur vos actions et filmera \u00e9galement des plans de ce que vous avez r\u00e9alis\u00e9. La vid\u00e9o finale durera 1minute 30 et sera diffus\u00e9e sur nos canaux.<\/p>\n\n\n\n<p>Voici un exemple d\u2019une vid\u00e9o d\u2019un acteur de la commune d\u2019Amay :&nbsp;<a href=\"https:\/\/kickbelgium.be\/nl\/non-classe\/alain-labeye-en-biodiversiteit\/\" target=\"_blank\" rel=\"noreferrer noopener\">Portrait : Alain Labeye et la biodiversit\u00e9 \u2013 Kick asbl (kickbelgium.be)<\/a><\/p>\n\n\n\n<h2 class=\"wp-block-heading\">Int\u00e9ress\u00e9.e. ? Vous avez besoin de plus d\u2019informations ?<\/h2>\n\n\n\n<p>Vous retrouverez sur notre site des exemples d\u2019actions class\u00e9es par th\u00e9matique (cette liste d\u2019actions n\u2019est pas exhaustive) :&nbsp;<a href=\"https:\/\/kickbelgium.be\/nl\/bomen-en-bossen\/\" target=\"_blank\" rel=\"noreferrer noopener\">Arbres et For\u00eats<\/a>,&nbsp;<a href=\"https:\/\/kickbelgium.be\/nl\/water\/\" target=\"_blank\" rel=\"noreferrer noopener\">Water<\/a>,&nbsp;<a href=\"https:\/\/kickbelgium.be\/nl\/stroomvoorziening\/\" target=\"_blank\" rel=\"noreferrer noopener\">Voedsel<\/a>,&nbsp;<a href=\"https:\/\/kickbelgium.be\/nl\/duurzame-gebouwen\/\" target=\"_blank\" rel=\"noreferrer noopener\">Batiments Durables<\/a>,&nbsp;<a href=\"https:\/\/kickbelgium.be\/nl\/afval\/\" target=\"_blank\" rel=\"noreferrer noopener\">Afval<\/a>,&nbsp;<a href=\"https:\/\/kickbelgium.be\/nl\/energie\/\" target=\"_blank\" rel=\"noreferrer noopener\">Energie en mobiliteit<\/a>.<\/p>\n\n\n\n<p>Envoyez-nous un mail \u00e0 <a href=\"mailto:info@kickbelgium.be\">info@kickbelgium.be<\/a> avec vos questions Ou directement avec vos coordonn\u00e9es et l\u2019action (ou les actions) que vous avez mise(s) en place.<\/p>\n\n\n\n<p><\/p>\n\n\n\n<figure class=\"wp-block-gallery has-nested-images columns-default is-cropped wp-block-gallery-1 is-layout-flex wp-block-gallery-is-layout-flex\">\n<figure class=\"wp-block-image size-large\"><img loading=\"lazy\" decoding=\"async\" width=\"1024\" height=\"1024\" data-id=\"4971\" src=\"https:\/\/kickbelgium.be\/wp-content\/uploads\/2023\/07\/20230419_094505-1024x1024.jpg\" alt=\"\" class=\"wp-image-4971\" srcset=\"https:\/\/kickbelgium.be\/wp-content\/uploads\/2023\/07\/20230419_094505-980x980.jpg 980w, https:\/\/kickbelgium.be\/wp-content\/uploads\/2023\/07\/20230419_094505-480x480.jpg 480w\" sizes=\"(min-width: 0px) and (max-width: 480px) 480px, (min-width: 481px) and (max-width: 980px) 980px, (min-width: 981px) 1024px, 100vw\" \/><\/figure>\n\n\n\n<figure class=\"wp-block-image size-large\"><img loading=\"lazy\" decoding=\"async\" width=\"1024\" height=\"768\" data-id=\"4882\" src=\"https:\/\/kickbelgium.be\/wp-content\/uploads\/2023\/06\/01-07.21.P1030691-1024x768.jpg\" alt=\"\" class=\"wp-image-4882\" srcset=\"https:\/\/kickbelgium.be\/wp-content\/uploads\/2023\/06\/01-07.21.P1030691-980x735.jpg 980w, https:\/\/kickbelgium.be\/wp-content\/uploads\/2023\/06\/01-07.21.P1030691-480x360.jpg 480w\" sizes=\"(min-width: 0px) and (max-width: 480px) 480px, (min-width: 481px) and (max-width: 980px) 980px, (min-width: 981px) 1024px, 100vw\" \/><\/figure>\n\n\n\n<figure class=\"wp-block-image size-large\"><img loading=\"lazy\" decoding=\"async\" width=\"1024\" height=\"768\" data-id=\"4891\" src=\"https:\/\/kickbelgium.be\/wp-content\/uploads\/2023\/06\/P9230043-1024x768.jpg\" alt=\"\" class=\"wp-image-4891\" srcset=\"https:\/\/kickbelgium.be\/wp-content\/uploads\/2023\/06\/P9230043-980x735.jpg 980w, https:\/\/kickbelgium.be\/wp-content\/uploads\/2023\/06\/P9230043-480x360.jpg 480w\" sizes=\"(min-width: 0px) and (max-width: 480px) 480px, (min-width: 481px) and (max-width: 980px) 980px, (min-width: 981px) 1024px, 100vw\" \/><figcaption class=\"wp-element-caption\">OLYMPUS DIGITAL CAMERA<\/figcaption><\/figure>\n<\/figure>","protected":false},"excerpt":{"rendered":"<p>Inspirer d\u2019autres acteurs et actrices Kick rassemble des solutions concr\u00e8tes en faveur de la biodiversit\u00e9 et surtout les partage ! Vous \u00eates une entreprise, un.e citoyen.e, une association, une \u00e9cole, un agriculteur, un acteur public et vous mettez d\u00e9j\u00e0 en place des actions en faveur de la biodiversit\u00e9 \u00e0 Grez-Doiceau ? Nous aimerions vous rencontrer [&hellip;]<\/p>\n","protected":false},"author":8,"featured_media":5062,"comment_status":"open","ping_status":"open","sticky":false,"template":"","format":"standard","meta":{"_acf_changed":false,"_et_pb_use_builder":"","_et_pb_old_content":"","_et_gb_content_width":"","footnotes":""},"categories":[24,34,32,37,33,25,36,35,28],"tags":[],"class_list":["post-5075","post","type-post","status-publish","format-standard","has-post-thumbnail","hentry","category-news","category-acteurs-publics","category-allie","category-associations","category-citoyens","category-commune","category-ecoles","category-entreprises","category-grez-doiceau"],"acf":[],"_links":{"self":[{"href":"https:\/\/kickbelgium.be\/nl\/wp-json\/wp\/v2\/posts\/5075","targetHints":{"allow":["GET"]}}],"collection":[{"href":"https:\/\/kickbelgium.be\/nl\/wp-json\/wp\/v2\/posts"}],"about":[{"href":"https:\/\/kickbelgium.be\/nl\/wp-json\/wp\/v2\/types\/post"}],"author":[{"embeddable":true,"href":"https:\/\/kickbelgium.be\/nl\/wp-json\/wp\/v2\/users\/8"}],"replies":[{"embeddable":true,"href":"https:\/\/kickbelgium.be\/nl\/wp-json\/wp\/v2\/comments?post=5075"}],"version-history":[{"count":6,"href":"https:\/\/kickbelgium.be\/nl\/wp-json\/wp\/v2\/posts\/5075\/revisions"}],"predecessor-version":[{"id":5295,"href":"https:\/\/kickbelgium.be\/nl\/wp-json\/wp\/v2\/posts\/5075\/revisions\/5295"}],"wp:featuredmedia":[{"embeddable":true,"href":"https:\/\/kickbelgium.be\/nl\/wp-json\/wp\/v2\/media\/5062"}],"wp:attachment":[{"href":"https:\/\/kickbelgium.be\/nl\/wp-json\/wp\/v2\/media?parent=5075"}],"wp:term":[{"taxonomy":"category","embeddable":true,"href":"https:\/\/kickbelgium.be\/nl\/wp-json\/wp\/v2\/categories?post=5075"},{"taxonomy":"post_tag","embeddable":true,"href":"https:\/\/kickbelgium.be\/nl\/wp-json\/wp\/v2\/tags?post=5075"}],"curies":[{"name":"wp","href":"https:\/\/api.w.org\/{rel}","templated":true}]}}