{"id":4893,"date":"2024-06-29T11:55:58","date_gmt":"2024-06-29T09:55:58","guid":{"rendered":"https:\/\/kickbelgium.be\/?p=4893"},"modified":"2025-02-18T11:52:58","modified_gmt":"2025-02-18T10:52:58","slug":"la-lucane-cerf-volant-est-a-amay","status":"publish","type":"post","link":"https:\/\/kickbelgium.be\/nl\/nieuws\/gemeente\/amay\/la-lucane-cerf-volant-est-a-amay\/","title":{"rendered":"Amay: De vlieger, een opmerkelijke lokale soort"},"content":{"rendered":"<h2 class=\"wp-block-heading\"><strong>Le saviez-vous\u00a0?<\/strong><\/h2>\n\n\n\n<p>Le lucane cerf-volant est le plus grand col\u00e9opt\u00e8re d\u2019Europe. Et il est pr\u00e9sent en nombre \u00e0 Amay ! Ces insectes sont facilement reconnaissables\u00a0: les m\u00e2les peuvent mesurer jusqu\u2019\u00e0 7 cm (soit le diam\u00e8tre d\u2019une balle de tennis\u00a0!) et arborent d\u2019impressionnantes mandibules qui rappellent les bois du cerf.<\/p>\n\n\n\n<p>Le lucane \u00e9tant une esp\u00e8ce menac\u00e9e, une dynamique se met en place \u00e0 l\u2019\u00e9chelle de l\u2019Europe et de la Wallonie pour la prot\u00e9ger. La commune d\u2019Amay est proactive et lance une campagne de sensibilisation. <\/p>\n\n\n\n<h2 class=\"wp-block-heading\"><strong>Qu\u2019est-ce que je peux faire \u00e0 mon \u00e9chelle ?<\/strong><\/h2>\n\n\n\n<ul class=\"wp-block-list\">\n<li>Bien que relativement inoffensif, il est demand\u00e9 de <strong>ne pas le d\u00e9ranger<\/strong>. Il est par ailleurs interdit de le capturer, le chasser ou le collectionner.<\/li>\n\n\n\n<li>Des <strong>gestes simples pour favoriser son habitat<\/strong>\u00a0: laisser les vieux arbres sur pied et les vieilles souches se d\u00e9composer, empiler du bois mort, etc.<\/li>\n\n\n\n<li><strong>Soutenir le travail des scientifiques<\/strong>\u00a0: immortaliser votre rencontre sur www.observatoire.biodiversite.wallonie.be\/enqu\u00eates et contribuer au suivi de l\u2019esp\u00e8ce.<\/li>\n<\/ul>\n\n\n\n<p>Avec un petit coup de pouce, nous pouvons <strong>faire d\u2019Amay un sanctuaire pour le lucane<\/strong> au niveau europ\u00e9en.<\/p>\n\n\n\n<p>&nbsp;Merci de votre soutien&nbsp;!<\/p>\n\n\n\n<p>.<\/p>\n\n\n\n<p><\/p>\n\n\n\n<p><\/p>\n\n\n\n<figure class=\"wp-block-gallery has-nested-images columns-default is-cropped wp-block-gallery-1 is-layout-flex wp-block-gallery-is-layout-flex\">\n<figure class=\"wp-block-image size-large\"><img loading=\"lazy\" decoding=\"async\" width=\"1024\" height=\"1024\" data-id=\"4900\" src=\"https:\/\/kickbelgium.be\/wp-content\/uploads\/2023\/06\/lucane1-1024x1024.jpg\" alt=\"\" class=\"wp-image-4900\" srcset=\"https:\/\/kickbelgium.be\/wp-content\/uploads\/2023\/06\/lucane1-1024x1024.jpg 1024w, https:\/\/kickbelgium.be\/wp-content\/uploads\/2023\/06\/lucane1-980x980.jpg 980w, https:\/\/kickbelgium.be\/wp-content\/uploads\/2023\/06\/lucane1-480x480.jpg 480w\" sizes=\"(min-width: 0px) and (max-width: 480px) 480px, (min-width: 481px) and (max-width: 980px) 980px, (min-width: 981px) 1024px, 100vw\" \/><\/figure>\n\n\n\n<figure class=\"wp-block-image size-large\"><img loading=\"lazy\" decoding=\"async\" width=\"1024\" height=\"1024\" data-id=\"4895\" src=\"https:\/\/kickbelgium.be\/wp-content\/uploads\/2023\/06\/lucane2-1024x1024.jpg\" alt=\"\" class=\"wp-image-4895\" srcset=\"https:\/\/kickbelgium.be\/wp-content\/uploads\/2023\/06\/lucane2-1024x1024.jpg 1024w, https:\/\/kickbelgium.be\/wp-content\/uploads\/2023\/06\/lucane2-980x980.jpg 980w, https:\/\/kickbelgium.be\/wp-content\/uploads\/2023\/06\/lucane2-480x480.jpg 480w\" sizes=\"(min-width: 0px) and (max-width: 480px) 480px, (min-width: 481px) and (max-width: 980px) 980px, (min-width: 981px) 1024px, 100vw\" \/><\/figure>\n\n\n\n<figure class=\"wp-block-image size-large\"><img loading=\"lazy\" decoding=\"async\" width=\"1024\" height=\"1024\" data-id=\"4894\" src=\"https:\/\/kickbelgium.be\/wp-content\/uploads\/2023\/06\/lucane3-1024x1024.jpg\" alt=\"\" class=\"wp-image-4894\" srcset=\"https:\/\/kickbelgium.be\/wp-content\/uploads\/2023\/06\/lucane3-1024x1024.jpg 1024w, https:\/\/kickbelgium.be\/wp-content\/uploads\/2023\/06\/lucane3-980x980.jpg 980w, https:\/\/kickbelgium.be\/wp-content\/uploads\/2023\/06\/lucane3-480x480.jpg 480w\" sizes=\"(min-width: 0px) and (max-width: 480px) 480px, (min-width: 481px) and (max-width: 980px) 980px, (min-width: 981px) 1024px, 100vw\" \/><\/figure>\n\n\n\n<figure class=\"wp-block-image size-large\"><img loading=\"lazy\" decoding=\"async\" width=\"1024\" height=\"1024\" data-id=\"4896\" src=\"https:\/\/kickbelgium.be\/wp-content\/uploads\/2023\/06\/lucane4-1024x1024.jpg\" alt=\"\" class=\"wp-image-4896\" srcset=\"https:\/\/kickbelgium.be\/wp-content\/uploads\/2023\/06\/lucane4-1024x1024.jpg 1024w, https:\/\/kickbelgium.be\/wp-content\/uploads\/2023\/06\/lucane4-980x980.jpg 980w, https:\/\/kickbelgium.be\/wp-content\/uploads\/2023\/06\/lucane4-480x480.jpg 480w\" sizes=\"(min-width: 0px) and (max-width: 480px) 480px, (min-width: 481px) and (max-width: 980px) 980px, (min-width: 981px) 1024px, 100vw\" \/><\/figure>\n\n\n\n<figure class=\"wp-block-image size-large\"><img loading=\"lazy\" decoding=\"async\" width=\"1024\" height=\"1024\" data-id=\"4898\" src=\"https:\/\/kickbelgium.be\/wp-content\/uploads\/2023\/06\/lucane5-1024x1024.jpg\" alt=\"\" class=\"wp-image-4898\" srcset=\"https:\/\/kickbelgium.be\/wp-content\/uploads\/2023\/06\/lucane5-1024x1024.jpg 1024w, https:\/\/kickbelgium.be\/wp-content\/uploads\/2023\/06\/lucane5-980x980.jpg 980w, https:\/\/kickbelgium.be\/wp-content\/uploads\/2023\/06\/lucane5-480x480.jpg 480w\" sizes=\"(min-width: 0px) and (max-width: 480px) 480px, (min-width: 481px) and (max-width: 980px) 980px, (min-width: 981px) 1024px, 100vw\" \/><\/figure>\n\n\n\n<figure class=\"wp-block-image size-large\"><img loading=\"lazy\" decoding=\"async\" width=\"1024\" height=\"1024\" data-id=\"4899\" src=\"https:\/\/kickbelgium.be\/wp-content\/uploads\/2023\/06\/lucane6-1024x1024.jpg\" alt=\"\" class=\"wp-image-4899\" srcset=\"https:\/\/kickbelgium.be\/wp-content\/uploads\/2023\/06\/lucane6-1024x1024.jpg 1024w, https:\/\/kickbelgium.be\/wp-content\/uploads\/2023\/06\/lucane6-980x980.jpg 980w, https:\/\/kickbelgium.be\/wp-content\/uploads\/2023\/06\/lucane6-480x480.jpg 480w\" sizes=\"(min-width: 0px) and (max-width: 480px) 480px, (min-width: 481px) and (max-width: 980px) 980px, (min-width: 981px) 1024px, 100vw\" \/><\/figure>\n\n\n\n<figure class=\"wp-block-image size-large\"><img loading=\"lazy\" decoding=\"async\" width=\"1024\" height=\"1024\" data-id=\"4897\" src=\"https:\/\/kickbelgium.be\/wp-content\/uploads\/2023\/06\/lucane7-1024x1024.jpg\" alt=\"\" class=\"wp-image-4897\" srcset=\"https:\/\/kickbelgium.be\/wp-content\/uploads\/2023\/06\/lucane7-1024x1024.jpg 1024w, https:\/\/kickbelgium.be\/wp-content\/uploads\/2023\/06\/lucane7-980x980.jpg 980w, https:\/\/kickbelgium.be\/wp-content\/uploads\/2023\/06\/lucane7-480x480.jpg 480w\" sizes=\"(min-width: 0px) and (max-width: 480px) 480px, (min-width: 481px) and (max-width: 980px) 980px, (min-width: 981px) 1024px, 100vw\" \/><\/figure>\n<\/figure>","protected":false},"excerpt":{"rendered":"<p>Le saviez-vous\u00a0? Le lucane cerf-volant est le plus grand col\u00e9opt\u00e8re d\u2019Europe. Et il est pr\u00e9sent en nombre \u00e0 Amay ! Ces insectes sont facilement reconnaissables\u00a0: les m\u00e2les peuvent mesurer jusqu\u2019\u00e0 7 cm (soit le diam\u00e8tre d\u2019une balle de tennis\u00a0!) et arborent d\u2019impressionnantes mandibules qui rappellent les bois du cerf. Le lucane \u00e9tant une esp\u00e8ce menac\u00e9e, [&hellip;]<\/p>\n","protected":false},"author":8,"featured_media":4902,"comment_status":"open","ping_status":"open","sticky":false,"template":"","format":"standard","meta":{"_acf_changed":false,"_et_pb_use_builder":"","_et_pb_old_content":"","_et_gb_content_width":"","footnotes":""},"categories":[27],"tags":[],"class_list":["post-4893","post","type-post","status-publish","format-standard","has-post-thumbnail","hentry","category-amay"],"acf":[],"_links":{"self":[{"href":"https:\/\/kickbelgium.be\/nl\/wp-json\/wp\/v2\/posts\/4893","targetHints":{"allow":["GET"]}}],"collection":[{"href":"https:\/\/kickbelgium.be\/nl\/wp-json\/wp\/v2\/posts"}],"about":[{"href":"https:\/\/kickbelgium.be\/nl\/wp-json\/wp\/v2\/types\/post"}],"author":[{"embeddable":true,"href":"https:\/\/kickbelgium.be\/nl\/wp-json\/wp\/v2\/users\/8"}],"replies":[{"embeddable":true,"href":"https:\/\/kickbelgium.be\/nl\/wp-json\/wp\/v2\/comments?post=4893"}],"version-history":[{"count":5,"href":"https:\/\/kickbelgium.be\/nl\/wp-json\/wp\/v2\/posts\/4893\/revisions"}],"predecessor-version":[{"id":6466,"href":"https:\/\/kickbelgium.be\/nl\/wp-json\/wp\/v2\/posts\/4893\/revisions\/6466"}],"wp:featuredmedia":[{"embeddable":true,"href":"https:\/\/kickbelgium.be\/nl\/wp-json\/wp\/v2\/media\/4902"}],"wp:attachment":[{"href":"https:\/\/kickbelgium.be\/nl\/wp-json\/wp\/v2\/media?parent=4893"}],"wp:term":[{"taxonomy":"category","embeddable":true,"href":"https:\/\/kickbelgium.be\/nl\/wp-json\/wp\/v2\/categories?post=4893"},{"taxonomy":"post_tag","embeddable":true,"href":"https:\/\/kickbelgium.be\/nl\/wp-json\/wp\/v2\/tags?post=4893"}],"curies":[{"name":"wp","href":"https:\/\/api.w.org\/{rel}","templated":true}]}}