{"id":4288,"date":"2024-11-29T14:19:55","date_gmt":"2024-11-29T13:19:55","guid":{"rendered":"https:\/\/kickbelgium.be\/?p=4288"},"modified":"2025-03-26T14:30:54","modified_gmt":"2025-03-26T13:30:54","slug":"rochefort-lancering-van-proximity-rochefort-2023","status":"publish","type":"post","link":"https:\/\/kickbelgium.be\/nl\/nieuws\/gemeente\/rochefort\/rochefort-lancering-van-proximity-rochefort-2023\/","title":{"rendered":"Rochefort: 15 lokale burgerprojecten!"},"content":{"rendered":"\n<p>En 2022 et 2023, la Ville de Rochefort, l&rsquo;asbl Kick et la Fondation Be Planet se sont associ\u00e9es afin de proposer un budget participatif pour soutenir des initiatives citoyennes de transition \u00e9cologique et solidaire.\u00a0En tout, ce sont 100 000 EUR qui ont \u00e9t\u00e9 mis \u00e0 disposition pour financer la transition. <\/p>\n\n\n\n<p>24 projets recevables ont \u00e9t\u00e9 pr\u00e9sent\u00e9s et 15 ont \u00e9t\u00e9 s\u00e9lectionn\u00e9s par le jury et le vote citoyens.\u00a0 Bravo \u00e0 tous les porteurs de projet, et aux <a href=\"https:\/\/www.proximityrochefort.be\/laureats\/\" data-type=\"link\" data-id=\"https:\/\/www.proximityrochefort.be\/laureats\/\" target=\"_blank\" rel=\"noopener\">15 laur\u00e9ats<\/a> qui auront la chance de recevoir un soutien financier pour d\u00e9velopper leur projet sur le territoire rochefortois :<\/p>\n\n\n\n<p><img decoding=\"async\" style=\"width: 20px;\" src=\"https:\/\/s.w.org\/images\/core\/emoji\/14.0.0\/svg\/1fab4.svg\" alt=\"\ud83e\udeb4\"> Les Jardin\u2019hier de demain <\/p>\n\n\n\n<p><img decoding=\"async\" style=\"width: 20px;\" src=\"https:\/\/s.w.org\/images\/core\/emoji\/14.0.0\/svg\/1f3e1.svg\" alt=\"\ud83c\udfe1\"> La Maison Nature <\/p>\n\n\n\n<p><img decoding=\"async\" style=\"width: 20px;\" src=\"https:\/\/s.w.org\/images\/core\/emoji\/14.0.0\/svg\/1f6b4-200d-2640-fe0f.svg\" alt=\"\ud83d\udeb4\u200d\u2640\ufe0f\"> Un v\u00e9lo pour tous <\/p>\n\n\n\n<p><img decoding=\"async\" style=\"width: 20px;\" src=\"https:\/\/s.w.org\/images\/core\/emoji\/14.0.0\/svg\/1f46b.svg\" alt=\"\ud83d\udc6b\"> Senior, habitons ensemble de fa\u00e7on participative, durable et solidaire <\/p>\n\n\n\n<p><img decoding=\"async\" style=\"width: 20px;\" src=\"https:\/\/s.w.org\/images\/core\/emoji\/14.0.0\/svg\/1f3b2.svg\" alt=\"\ud83c\udfb2\"> La boite \u00e0 jeux Lions <\/p>\n\n\n\n<p><img decoding=\"async\" style=\"width: 20px;\" src=\"https:\/\/s.w.org\/images\/core\/emoji\/14.0.0\/svg\/1f4a6.svg\" alt=\"\ud83d\udca6\"> L\u2019eau est un bien commun <\/p>\n\n\n\n<p><img decoding=\"async\" style=\"width: 20px;\" src=\"https:\/\/s.w.org\/images\/core\/emoji\/14.0.0\/svg\/1f33f.svg\" alt=\"\ud83c\udf3f\"> R\u00e9habilitation du jardin d\u2019un ancien presbyt\u00e8re <\/p>\n\n\n\n<p><img decoding=\"async\" style=\"width: 20px;\" src=\"https:\/\/s.w.org\/images\/core\/emoji\/14.0.0\/svg\/1f392.svg\" alt=\"\ud83c\udf92\"> Am\u00e9nagement du jardin\/cours de r\u00e9cr\u00e9ation <\/p>\n\n\n\n<p>\ud83c\udf4e Mares, for\u00eat-jardins et pr\u00e9-verger p\u00e9dagogiques <\/p>\n\n\n\n<p>\ud83e\udd57 Des terres pour nous nourrir<\/p>\n\n\n\n<p>\ud83c\udfd3 Un parc pour tous<\/p>\n\n\n\n<p>\ud83e\udd55 Nourrir Rochefort demain ? Pour un autre Rochefort !<\/p>\n\n\n\n<p>\ud83c\udf33 Le verger d\u2019Auffe<\/p>\n\n\n\n<p>\ud83c\udfe1 Cycle de rencontres et d\u00e9bats autour du droit au logement et \u00e0 habiter<\/p>\n\n\n\n<p>\ud83d\udc26 R\u00e9seau de nichoirs connect\u00e9s<\/p>\n\n\n\n<p>Pour plus d&rsquo;informations, rendez-vous sur le site de<a href=\"https:\/\/www.proximityrochefort.be\/laureats\/\" data-type=\"link\" data-id=\"https:\/\/www.proximityrochefort.be\/laureats\/\" target=\"_blank\" rel=\"noopener\"> www.proximityrochefort.be<\/a>.<\/p>\n\n\n\n<p>Une initiative de la<a href=\"https:\/\/www.facebook.com\/villederochefort?__cft__[0]=AZU0WvyxUcXnqYgRk8SXcpjloXQOWCaZnV9s3RP0gHYqwMxXD_xwglJIGf72fIjBRsFNxtmIMhjW-_Jrbh40R6HKcVHwIC5m6JC85oE84MzbWGlTrLVXSFeRQ2itGFPV4gytV5humNbtTaSsjBl7Pccy-75XLwb_t7X5_zbz4N56iILGmIoluVWeYmJ3NoXqwnPW9hYefLiEwOw7WGXC-L5I&amp;__tn__=-]K-R\" target=\"_blank\" rel=\"noopener\"> Ville de Rochefort<\/a> et de l\u2019association<a href=\"https:\/\/www.facebook.com\/kickrochefort?__cft__[0]=AZU0WvyxUcXnqYgRk8SXcpjloXQOWCaZnV9s3RP0gHYqwMxXD_xwglJIGf72fIjBRsFNxtmIMhjW-_Jrbh40R6HKcVHwIC5m6JC85oE84MzbWGlTrLVXSFeRQ2itGFPV4gytV5humNbtTaSsjBl7Pccy-75XLwb_t7X5_zbz4N56iILGmIoluVWeYmJ3NoXqwnPW9hYefLiEwOw7WGXC-L5I&amp;__tn__=-]K-R\" target=\"_blank\" rel=\"noopener\"> Kick Rochefort<\/a> en partenariat avec la Fondation<a href=\"https:\/\/www.facebook.com\/BePlanetFoundation?__cft__[0]=AZU0WvyxUcXnqYgRk8SXcpjloXQOWCaZnV9s3RP0gHYqwMxXD_xwglJIGf72fIjBRsFNxtmIMhjW-_Jrbh40R6HKcVHwIC5m6JC85oE84MzbWGlTrLVXSFeRQ2itGFPV4gytV5humNbtTaSsjBl7Pccy-75XLwb_t7X5_zbz4N56iILGmIoluVWeYmJ3NoXqwnPW9hYefLiEwOw7WGXC-L5I&amp;__tn__=-]K-R\" target=\"_blank\" rel=\"noopener\"> Be Planet<\/a> !&nbsp;<\/p>\n\n\n\n<figure class=\"wp-block-gallery has-nested-images columns-default is-cropped wp-block-gallery-1 is-layout-flex wp-block-gallery-is-layout-flex\">\n<figure class=\"wp-block-image size-large\"><img loading=\"lazy\" decoding=\"async\" width=\"1024\" height=\"683\" data-id=\"6234\" src=\"https:\/\/kickbelgium.be\/wp-content\/uploads\/2023\/03\/rochefort-gracq_velos_electr-8006-1024x683.jpg\" alt=\"\" class=\"wp-image-6234\" srcset=\"https:\/\/kickbelgium.be\/wp-content\/uploads\/2023\/03\/rochefort-gracq_velos_electr-8006-980x653.jpg 980w, https:\/\/kickbelgium.be\/wp-content\/uploads\/2023\/03\/rochefort-gracq_velos_electr-8006-480x320.jpg 480w\" sizes=\"(min-width: 0px) and (max-width: 480px) 480px, (min-width: 481px) and (max-width: 980px) 980px, (min-width: 981px) 1024px, 100vw\" \/><\/figure>\n\n\n\n<figure class=\"wp-block-image size-large\"><img loading=\"lazy\" decoding=\"async\" width=\"1024\" height=\"683\" data-id=\"6233\" src=\"https:\/\/kickbelgium.be\/wp-content\/uploads\/2023\/03\/rochefort-gamedella_bacs_potagers-9041-1024x683.jpg\" alt=\"\" class=\"wp-image-6233\" srcset=\"https:\/\/kickbelgium.be\/wp-content\/uploads\/2023\/03\/rochefort-gamedella_bacs_potagers-9041-980x653.jpg 980w, https:\/\/kickbelgium.be\/wp-content\/uploads\/2023\/03\/rochefort-gamedella_bacs_potagers-9041-480x320.jpg 480w\" sizes=\"(min-width: 0px) and (max-width: 480px) 480px, (min-width: 481px) and (max-width: 980px) 980px, (min-width: 981px) 1024px, 100vw\" \/><\/figure>\n\n\n\n<figure class=\"wp-block-image size-large\"><img loading=\"lazy\" decoding=\"async\" width=\"1024\" height=\"683\" data-id=\"6231\" src=\"https:\/\/kickbelgium.be\/wp-content\/uploads\/2023\/03\/rochefort_ecolevillerssurlesse-7208-1024x683.jpg\" alt=\"\" class=\"wp-image-6231\" srcset=\"https:\/\/kickbelgium.be\/wp-content\/uploads\/2023\/03\/rochefort_ecolevillerssurlesse-7208-980x653.jpg 980w, https:\/\/kickbelgium.be\/wp-content\/uploads\/2023\/03\/rochefort_ecolevillerssurlesse-7208-480x320.jpg 480w\" sizes=\"(min-width: 0px) and (max-width: 480px) 480px, (min-width: 481px) and (max-width: 980px) 980px, (min-width: 981px) 1024px, 100vw\" \/><\/figure>\n<\/figure>\n","protected":false},"excerpt":{"rendered":"<p>En 2022 et 2023, la Ville de Rochefort, l&rsquo;asbl Kick et la Fondation Be Planet se sont associ\u00e9es afin de proposer un budget participatif pour soutenir des initiatives citoyennes de transition \u00e9cologique et solidaire.\u00a0En tout, ce sont 100 000 EUR qui ont \u00e9t\u00e9 mis \u00e0 disposition pour financer la transition. 24 projets recevables ont \u00e9t\u00e9 [&hellip;]<\/p>\n","protected":false},"author":5,"featured_media":6232,"comment_status":"open","ping_status":"open","sticky":false,"template":"","format":"standard","meta":{"_acf_changed":false,"_et_pb_use_builder":"","_et_pb_old_content":"","_et_gb_content_width":"","footnotes":""},"categories":[26],"tags":[],"class_list":["post-4288","post","type-post","status-publish","format-standard","has-post-thumbnail","hentry","category-rochefort"],"acf":[],"_links":{"self":[{"href":"https:\/\/kickbelgium.be\/nl\/wp-json\/wp\/v2\/posts\/4288","targetHints":{"allow":["GET"]}}],"collection":[{"href":"https:\/\/kickbelgium.be\/nl\/wp-json\/wp\/v2\/posts"}],"about":[{"href":"https:\/\/kickbelgium.be\/nl\/wp-json\/wp\/v2\/types\/post"}],"author":[{"embeddable":true,"href":"https:\/\/kickbelgium.be\/nl\/wp-json\/wp\/v2\/users\/5"}],"replies":[{"embeddable":true,"href":"https:\/\/kickbelgium.be\/nl\/wp-json\/wp\/v2\/comments?post=4288"}],"version-history":[{"count":5,"href":"https:\/\/kickbelgium.be\/nl\/wp-json\/wp\/v2\/posts\/4288\/revisions"}],"predecessor-version":[{"id":6235,"href":"https:\/\/kickbelgium.be\/nl\/wp-json\/wp\/v2\/posts\/4288\/revisions\/6235"}],"wp:featuredmedia":[{"embeddable":true,"href":"https:\/\/kickbelgium.be\/nl\/wp-json\/wp\/v2\/media\/6232"}],"wp:attachment":[{"href":"https:\/\/kickbelgium.be\/nl\/wp-json\/wp\/v2\/media?parent=4288"}],"wp:term":[{"taxonomy":"category","embeddable":true,"href":"https:\/\/kickbelgium.be\/nl\/wp-json\/wp\/v2\/categories?post=4288"},{"taxonomy":"post_tag","embeddable":true,"href":"https:\/\/kickbelgium.be\/nl\/wp-json\/wp\/v2\/tags?post=4288"}],"curies":[{"name":"wp","href":"https:\/\/api.w.org\/{rel}","templated":true}]}}