{"id":2208,"date":"2024-01-15T22:09:15","date_gmt":"2024-01-15T21:09:15","guid":{"rendered":"https:\/\/kickbelgium.be\/?p=2208"},"modified":"2025-03-26T14:33:56","modified_gmt":"2025-03-26T13:33:56","slug":"elektrische-fietsen-voor-gemeentepersoneel","status":"publish","type":"post","link":"https:\/\/kickbelgium.be\/nl\/nieuws\/allie\/publieke-actoren\/elektrische-fietsen-voor-gemeentepersoneel\/","title":{"rendered":"Rochefort: 7 elektrische bedrijfsfietsen beschikbaar voor gemeentepersoneel"},"content":{"rendered":"<p>Als onderdeel van een initiatief om haar impact op het milieu te verminderen en het bewustzijn over de uitdagingen van de klimaatverandering te vergroten, financiert Rochefort de inzet van een vloot elektrische fietsen voor haar personeel en ge\u00efnteresseerde leden van het College. Dit is een concrete maatregel met een sterke symbolische impact op de administratie en de burgers. Naast de re\u00eble impact op het vlak van CO<sub>2<\/sub> Een dergelijke maatregel stelt de lokale overheid met name in staat om haar plan om de erosie van de biodiversiteit tegen te gaan, te concretiseren door op haar eigen niveau actie te ondernemen.&nbsp;<\/p>\n\n\n\n<p>Er zijn 7 elektrische fietsen beschikbaar gesteld. De begunstigden van deze elektrische fietsen verbinden zich ertoe ze te gebruiken voor minstens 50% woon-werkverplaatsingen en mogen ze ook priv\u00e9 gebruiken. <\/p>\n\n\n\n<p>Voor het comfort en de veiligheid van de gebruikers worden deze fietsen volledig uitgerust geleverd (vest, helm, fietstas) en er zijn ook overdekte, veilige fietsenstallingen voorzien.<\/p>\n\n\n\n<figure class=\"wp-block-gallery has-nested-images columns-default is-cropped wp-block-gallery-1 is-layout-flex wp-block-gallery-is-layout-flex\">\n<figure class=\"wp-block-image size-large\"><img loading=\"lazy\" decoding=\"async\" width=\"1024\" height=\"683\" data-id=\"6219\" src=\"https:\/\/kickbelgium.be\/wp-content\/uploads\/2022\/10\/rochefort_vincent-8682-1024x683.jpg\" alt=\"\" class=\"wp-image-6219\" srcset=\"https:\/\/kickbelgium.be\/wp-content\/uploads\/2022\/10\/rochefort_vincent-8682-980x653.jpg 980w, https:\/\/kickbelgium.be\/wp-content\/uploads\/2022\/10\/rochefort_vincent-8682-480x320.jpg 480w\" sizes=\"(min-width: 0px) and (max-width: 480px) 480px, (min-width: 481px) and (max-width: 980px) 980px, (min-width: 981px) 1024px, 100vw\" \/><\/figure>\n\n\n\n<figure class=\"wp-block-image size-large\"><img loading=\"lazy\" decoding=\"async\" width=\"1024\" height=\"683\" data-id=\"6220\" src=\"https:\/\/kickbelgium.be\/wp-content\/uploads\/2022\/10\/rochefort_vincent-8752-1024x683.jpg\" alt=\"\" class=\"wp-image-6220\" srcset=\"https:\/\/kickbelgium.be\/wp-content\/uploads\/2022\/10\/rochefort_vincent-8752-980x653.jpg 980w, https:\/\/kickbelgium.be\/wp-content\/uploads\/2022\/10\/rochefort_vincent-8752-480x320.jpg 480w\" sizes=\"(min-width: 0px) and (max-width: 480px) 480px, (min-width: 481px) and (max-width: 980px) 980px, (min-width: 981px) 1024px, 100vw\" \/><\/figure>\n<\/figure>","protected":false},"excerpt":{"rendered":"<p>Dans une d\u00e9marche de r\u00e9duction des impacts environnementaux et de sensibilisation aux enjeux des changements climatiques, la commune de Rochefort finance le d\u00e9ploiement d\u2019une flotte de v\u00e9los \u00e9lectriques \u00e0 destination de ses agents et des membres du Coll\u00e8ge int\u00e9ress\u00e9s. Il s\u2019agit d\u2019une mesure concr\u00e8te ayant une forte port\u00e9e symbolique aupr\u00e8s des administrations et des citoyens. [&hellip;]<\/p>\n","protected":false},"author":2,"featured_media":6219,"comment_status":"open","ping_status":"open","sticky":false,"template":"","format":"standard","meta":{"_acf_changed":false,"_et_pb_use_builder":"off","_et_pb_old_content":"","_et_gb_content_width":"","footnotes":""},"categories":[34,26],"tags":[],"class_list":["post-2208","post","type-post","status-publish","format-standard","has-post-thumbnail","hentry","category-acteurs-publics","category-rochefort"],"acf":[],"_links":{"self":[{"href":"https:\/\/kickbelgium.be\/nl\/wp-json\/wp\/v2\/posts\/2208","targetHints":{"allow":["GET"]}}],"collection":[{"href":"https:\/\/kickbelgium.be\/nl\/wp-json\/wp\/v2\/posts"}],"about":[{"href":"https:\/\/kickbelgium.be\/nl\/wp-json\/wp\/v2\/types\/post"}],"author":[{"embeddable":true,"href":"https:\/\/kickbelgium.be\/nl\/wp-json\/wp\/v2\/users\/2"}],"replies":[{"embeddable":true,"href":"https:\/\/kickbelgium.be\/nl\/wp-json\/wp\/v2\/comments?post=2208"}],"version-history":[{"count":3,"href":"https:\/\/kickbelgium.be\/nl\/wp-json\/wp\/v2\/posts\/2208\/revisions"}],"predecessor-version":[{"id":6222,"href":"https:\/\/kickbelgium.be\/nl\/wp-json\/wp\/v2\/posts\/2208\/revisions\/6222"}],"wp:featuredmedia":[{"embeddable":true,"href":"https:\/\/kickbelgium.be\/nl\/wp-json\/wp\/v2\/media\/6219"}],"wp:attachment":[{"href":"https:\/\/kickbelgium.be\/nl\/wp-json\/wp\/v2\/media?parent=2208"}],"wp:term":[{"taxonomy":"category","embeddable":true,"href":"https:\/\/kickbelgium.be\/nl\/wp-json\/wp\/v2\/categories?post=2208"},{"taxonomy":"post_tag","embeddable":true,"href":"https:\/\/kickbelgium.be\/nl\/wp-json\/wp\/v2\/tags?post=2208"}],"curies":[{"name":"wp","href":"https:\/\/api.w.org\/{rel}","templated":true}]}}