{"id":2203,"date":"2022-10-17T22:06:09","date_gmt":"2022-10-17T20:06:09","guid":{"rendered":"https:\/\/kickbelgium.be\/?p=2203"},"modified":"2023-10-16T10:51:59","modified_gmt":"2023-10-16T08:51:59","slug":"la-convention-kick-chaudfontaine-est-signee","status":"publish","type":"post","link":"https:\/\/kickbelgium.be\/nl\/nieuws\/allie\/publieke-actoren\/la-convention-kick-chaudfontaine-est-signee\/","title":{"rendered":"Chaudfontaine: De Kick Chaudfontaine overeenkomst is getekend!"},"content":{"rendered":"<p>La commune de Chaudfontaine, d\u00e9j\u00e0 tr\u00e8s active sur le volet biodiversit\u00e9, a manifest\u00e9 son int\u00e9r\u00eat d\u2019aller encore plus loin en collaborant avec l\u2019asbl Kick et en devenant une des 4 communes pilotes en Belgique \u00e0 vouloir devenir exemplaire en mati\u00e8re de lutte contre l\u2019\u00e9rosion de la biodiversit\u00e9.&nbsp;<\/p>\n\n\n\n<p>La signature de la convention entre l\u2019administration communale et Kick aura lieu lors du passage au conseil communal le mercredi 26 octobre 2022.&nbsp;<\/p>\n\n\n\n<p><a href=\"https:\/\/kickbelgium.be\/nl\/lidmaatschapsformulier\/\">Rejoindre la dynamique Kick \u00e0 Chaudfontaine<\/a><\/p>\n\n\n\n<div class=\"wp-block-buttons is-layout-flex wp-block-buttons-is-layout-flex\"><\/div>","protected":false},"excerpt":{"rendered":"<p>La commune de Chaudfontaine, d\u00e9j\u00e0 tr\u00e8s active sur le volet biodiversit\u00e9, a manifest\u00e9 son int\u00e9r\u00eat d\u2019aller encore plus loin en collaborant avec l\u2019asbl Kick et en devenant une des 4 communes pilotes en Belgique \u00e0 vouloir devenir exemplaire en mati\u00e8re de lutte contre l\u2019\u00e9rosion de la biodiversit\u00e9.&nbsp; La signature de la convention entre l\u2019administration communale [&hellip;]<\/p>\n","protected":false},"author":2,"featured_media":2349,"comment_status":"open","ping_status":"open","sticky":false,"template":"","format":"standard","meta":{"_acf_changed":false,"_et_pb_use_builder":"off","_et_pb_old_content":"","_et_gb_content_width":"","footnotes":""},"categories":[34,29],"tags":[],"class_list":["post-2203","post","type-post","status-publish","format-standard","has-post-thumbnail","hentry","category-acteurs-publics","category-chaudfontaine"],"acf":[],"_links":{"self":[{"href":"https:\/\/kickbelgium.be\/nl\/wp-json\/wp\/v2\/posts\/2203","targetHints":{"allow":["GET"]}}],"collection":[{"href":"https:\/\/kickbelgium.be\/nl\/wp-json\/wp\/v2\/posts"}],"about":[{"href":"https:\/\/kickbelgium.be\/nl\/wp-json\/wp\/v2\/types\/post"}],"author":[{"embeddable":true,"href":"https:\/\/kickbelgium.be\/nl\/wp-json\/wp\/v2\/users\/2"}],"replies":[{"embeddable":true,"href":"https:\/\/kickbelgium.be\/nl\/wp-json\/wp\/v2\/comments?post=2203"}],"version-history":[{"count":2,"href":"https:\/\/kickbelgium.be\/nl\/wp-json\/wp\/v2\/posts\/2203\/revisions"}],"predecessor-version":[{"id":5332,"href":"https:\/\/kickbelgium.be\/nl\/wp-json\/wp\/v2\/posts\/2203\/revisions\/5332"}],"wp:featuredmedia":[{"embeddable":true,"href":"https:\/\/kickbelgium.be\/nl\/wp-json\/wp\/v2\/media\/2349"}],"wp:attachment":[{"href":"https:\/\/kickbelgium.be\/nl\/wp-json\/wp\/v2\/media?parent=2203"}],"wp:term":[{"taxonomy":"category","embeddable":true,"href":"https:\/\/kickbelgium.be\/nl\/wp-json\/wp\/v2\/categories?post=2203"},{"taxonomy":"post_tag","embeddable":true,"href":"https:\/\/kickbelgium.be\/nl\/wp-json\/wp\/v2\/tags?post=2203"}],"curies":[{"name":"wp","href":"https:\/\/api.w.org\/{rel}","templated":true}]}}